



{"id":393039,"date":"2025-06-06T20:13:49","date_gmt":"2025-06-06T17:13:49","guid":{"rendered":"https:\/\/livresq.com\/?p=393039"},"modified":"2025-07-04T18:21:27","modified_gmt":"2025-07-04T15:21:27","slug":"nyilt-oktatasi-forrasok-a-modern-digitalis-pedagogia-kontextusaban-szerephatas-es-szabvanyositas","status":"publish","type":"post","link":"https:\/\/livresq.com\/hu\/news\/resursele-educationale-deschise-in-contextul-pedagogiei-digitale-moderne-rol-impact-si-standardizare\/","title":{"rendered":"Ny\u00edlt oktat\u00e1si forr\u00e1sok a modern digit\u00e1lis pedag\u00f3gia kontextus\u00e1ban: szerep, hat\u00e1s \u00e9s szabv\u00e1nyos\u00edt\u00e1s"},"content":{"rendered":"<div data-elementor-type=\"wp-post\" data-elementor-id=\"393039\" class=\"elementor elementor-393039\" data-elementor-post-type=\"post\">\n\t\t\t\t\t\t<section class=\"elementor-section elementor-top-section elementor-element elementor-element-48a9430 elementor-section-boxed elementor-section-height-default elementor-section-height-default\" data-id=\"48a9430\" data-element_type=\"section\">\n\t\t\t\t\t\t<div class=\"elementor-container elementor-column-gap-default\">\n\t\t\t\t\t<div class=\"elementor-column elementor-col-100 elementor-top-column elementor-element elementor-element-3e7133a\" data-id=\"3e7133a\" data-element_type=\"column\">\n\t\t\t<div class=\"elementor-widget-wrap elementor-element-populated\">\n\t\t\t\t\t\t<div class=\"elementor-element elementor-element-4a2e427 elementor-widget elementor-widget-spacer\" data-id=\"4a2e427\" data-element_type=\"widget\" data-widget_type=\"spacer.default\">\n\t\t\t\t<div class=\"elementor-widget-container\">\n\t\t\t\t\t\t\t<div class=\"elementor-spacer\">\n\t\t\t<div class=\"elementor-spacer-inner\"><\/div>\n\t\t<\/div>\n\t\t\t\t\t\t<\/div>\n\t\t\t\t<\/div>\n\t\t\t\t<div class=\"elementor-element elementor-element-4dd6ce7 elementor-widget elementor-widget-heading\" data-id=\"4dd6ce7\" data-element_type=\"widget\" data-widget_type=\"heading.default\">\n\t\t\t\t<div class=\"elementor-widget-container\">\n\t\t\t\t\t<h2 class=\"elementor-heading-title elementor-size-default\">Ny\u00edlt oktat\u00e1si forr\u00e1sok a modern digit\u00e1lis pedag\u00f3gia kontextus\u00e1ban: szerep, hat\u00e1s \u00e9s szabv\u00e1nyos\u00edt\u00e1s<\/h2>\t\t\t\t<\/div>\n\t\t\t\t<\/div>\n\t\t\t\t\t<\/div>\n\t\t<\/div>\n\t\t\t\t\t<\/div>\n\t\t<\/section>\n\t\t\t\t<section class=\"elementor-section elementor-top-section elementor-element elementor-element-13610b01 elementor-section-boxed elementor-section-height-default elementor-section-height-default\" data-id=\"13610b01\" data-element_type=\"section\">\n\t\t\t\t\t\t<div class=\"elementor-container elementor-column-gap-default\">\n\t\t\t\t\t<div class=\"elementor-column elementor-col-100 elementor-top-column elementor-element elementor-element-1b88de2c\" data-id=\"1b88de2c\" data-element_type=\"column\">\n\t\t\t<div class=\"elementor-widget-wrap elementor-element-populated\">\n\t\t\t\t\t\t<div class=\"elementor-element elementor-element-b2ff8d2 elementor-widget elementor-widget-image\" data-id=\"b2ff8d2\" data-element_type=\"widget\" data-widget_type=\"image.default\">\n\t\t\t\t<div class=\"elementor-widget-container\">\n\t\t\t\t\t\t\t\t\t\t\t\t\t\t\t<img fetchpriority=\"high\" decoding=\"async\" width=\"1875\" height=\"1250\" src=\"https:\/\/i0.wp.com\/livresq.com\/wp-content\/uploads\/2025\/06\/RED_pedagogie_LIVRESQ_UNESCO.jpg?fit=1875%2C1250&amp;ssl=1\" class=\"attachment-full size-full wp-image-393040\" alt=\"Ny\u00edlt oktat\u00e1si forr\u00e1sok a digit\u00e1lis pedag\u00f3gia kontextus\u00e1ban\" srcset=\"https:\/\/i0.wp.com\/livresq.com\/wp-content\/uploads\/2025\/06\/RED_pedagogie_LIVRESQ_UNESCO.jpg?w=1875&amp;ssl=1 1875w, https:\/\/i0.wp.com\/livresq.com\/wp-content\/uploads\/2025\/06\/RED_pedagogie_LIVRESQ_UNESCO.jpg?resize=300%2C200&amp;ssl=1 300w, https:\/\/i0.wp.com\/livresq.com\/wp-content\/uploads\/2025\/06\/RED_pedagogie_LIVRESQ_UNESCO.jpg?resize=1024%2C683&amp;ssl=1 1024w, https:\/\/i0.wp.com\/livresq.com\/wp-content\/uploads\/2025\/06\/RED_pedagogie_LIVRESQ_UNESCO.jpg?resize=768%2C512&amp;ssl=1 768w, https:\/\/i0.wp.com\/livresq.com\/wp-content\/uploads\/2025\/06\/RED_pedagogie_LIVRESQ_UNESCO.jpg?resize=600%2C400&amp;ssl=1 600w, https:\/\/i0.wp.com\/livresq.com\/wp-content\/uploads\/2025\/06\/RED_pedagogie_LIVRESQ_UNESCO.jpg?w=1600&amp;ssl=1 1600w\" sizes=\"(max-width: 800px) 100vw, 800px\" \/>\t\t\t\t\t\t\t\t\t\t\t\t\t\t\t<\/div>\n\t\t\t\t<\/div>\n\t\t\t\t<div class=\"elementor-element elementor-element-604ff2ef elementor-widget elementor-widget-text-editor\" data-id=\"604ff2ef\" data-element_type=\"widget\" data-widget_type=\"text-editor.default\">\n\t\t\t\t<div class=\"elementor-widget-container\">\n\t\t\t\t\t\t\t\t\t\n<h2 class=\"wp-block-heading\">Bevezet\u00e9s<\/h2>\n\n\n\n<p>A ny\u00edlt oktat\u00e1si er\u0151forr\u00e1sok (OER), nemzetk\u00f6zileg OER (<em>Ny\u00edlt oktat\u00e1si forr\u00e1sok<\/em>) olyan digit\u00e1lis vagy fizikai form\u00e1tumban rendelkez\u00e9sre \u00e1ll\u00f3 tan\u00edt\u00e1si, tanul\u00e1si \u00e9s kutat\u00e1si anyagok, amelyeket az oktat\u00e1si k\u00f6z\u00f6ss\u00e9g szabadon felhaszn\u00e1lhat \u00e9s \u00fajrahasznos\u00edthat. Az UNESCO 2019-ben elfogadott defin\u00edci\u00f3ja szerint az OER-ek a k\u00f6vetkez\u0151k&nbsp;<strong>k\u00f6zkinccs\u00e9 tett vagy ny\u00edlt licenc alatt \u00e1ll\u00f3 oktat\u00e1si anyagok<\/strong>Ez lehet\u0151v\u00e9 teszi a szabad hozz\u00e1f\u00e9r\u00e9st, valamint a felhaszn\u00e1l\u00e1s, az \u00e1tdolgoz\u00e1s \u00e9s a terjeszt\u00e9s jog\u00e1t. A ny\u00edlt licencek (pl. Creative Commons) r\u00e9v\u00e9n a szerz\u0151k beleegyeznek abba, hogy anyagaikat leg\u00e1lisan m\u00e1solj\u00e1k, m\u00f3dos\u00edts\u00e1k \u00e9s terjessz\u00e9k tov\u00e1bb, megsz\u00fcntetve ezzel a hagyom\u00e1nyos szerz\u0151i jogi korl\u00e1tokat.<\/p>\n\n\n\n<p>Az OER meghat\u00e1roz\u00f3 eleme a David Wiley \u00e1ltal javasolt \"5R\" szabads\u00e1g, amely a felhaszn\u00e1l\u00f3k sz\u00e1m\u00e1ra k\u00edn\u00e1lt lehet\u0151s\u00e9geket \u00edrja le:<\/p>\n\n\n\n<ul class=\"wp-block-list\">\n<li><strong>Tartsa meg a  c\u00edmet.<\/strong>\u00a0- a tartalom m\u00e1solatainak meg\u0151rz\u00e9s\u00e9hez \u00e9s birtokl\u00e1s\u00e1hoz val\u00f3 jog;<\/li>\n\n\n\n<li><strong>\u00dajrafelhaszn\u00e1l\u00e1s<\/strong>\u00a0- az anyag k\u00fcl\u00f6nb\u00f6z\u0151 kontextusokban t\u00f6rt\u00e9n\u0151 felhaszn\u00e1l\u00e1s\u00e1nak joga;<\/li>\n\n\n\n<li><strong>Ellen\u0151rizze a  c\u00edmet.<\/strong>\u00a0- a tartalom adapt\u00e1l\u00e1s\u00e1nak \u00e9s m\u00f3dos\u00edt\u00e1s\u00e1nak joga;<\/li>\n\n\n\n<li><strong>Remix<\/strong>\u00a0- az eredeti vagy \u00e1tdolgozott tartalom m\u00e1s anyagokkal val\u00f3 kombin\u00e1l\u00e1s\u00e1nak joga, hogy valami \u00fajat hozzon l\u00e9tre;<\/li>\n\n\n\n<li><strong>\u00dajraeloszt\u00e1s<\/strong>\u00a0- az eredeti vagy \u00e1tdolgozott anyag m\u00e1solatainak megoszt\u00e1s\u00e1nak joga.<\/li>\n<\/ul>\n\n\n\n<p>Ezek a szabads\u00e1gok hangs\u00falyozz\u00e1k az OER \u00e9s a hagyom\u00e1nyos, szerz\u0151i jogv\u00e9delem alatt \u00e1ll\u00f3 oktat\u00e1si anyagok k\u00f6z\u00f6tti legfontosabb k\u00fcl\u00f6nbs\u00e9get: az OER eset\u00e9ben,&nbsp;<strong>a hangs\u00faly a nyitotts\u00e1gon, az egy\u00fcttm\u0171k\u00f6d\u00e9sen \u00e9s az \u00fajrafelhaszn\u00e1l\u00e1son van.<\/strong>&nbsp;az oktat\u00e1s jav\u00e1ra.<\/p>\n\n\n\n<p>A k\u00f6vetkez\u0151kkel \u00f6sszef\u00fcgg\u00e9sben&nbsp;<strong>digit\u00e1lis pedag\u00f3gia<\/strong>, az OER egyre nagyobb jelent\u0151s\u00e9gre tesz szert. A digit\u00e1lis pedag\u00f3gia - az a tudom\u00e1ny\u00e1g, amely a technol\u00f3gi\u00e1k optim\u00e1lis felhaszn\u00e1l\u00e1s\u00e1t tanulm\u00e1nyozza az oktat\u00e1si folyamatban - nemcsak a digit\u00e1lis eszk\u00f6z\u00f6kre \u00e9s platformokra t\u00e1maszkodik, hanem a min\u0151s\u00e9gi, adapt\u00e1lhat\u00f3 \u00e9s hozz\u00e1f\u00e9rhet\u0151 tartalomra is. Az OER-ek megfelelnek ezeknek a k\u00f6vetelm\u00e9nyeknek, mivel a tan\u00e1rok \u00e9s a tanul\u00f3k rendelkez\u00e9s\u00e9re bocs\u00e1tj\u00e1k a k\u00f6vetkez\u0151ket&nbsp;<strong>naprak\u00e9sz, interakt\u00edv \u00e9s k\u00f6nnyen testre szabhat\u00f3 anyagok<\/strong>amelyeket kreat\u00edvan integr\u00e1lhatnak a tan\u00edt\u00e1si-tanul\u00e1si folyamatba. Ny\u00edlt el\u00e9rhet\u0151s\u00e9g\u00fck r\u00e9v\u00e9n az ODL t\u00e1mogatja a tud\u00e1shoz val\u00f3 hozz\u00e1f\u00e9r\u00e9s \u00e9s a pedag\u00f3giai innov\u00e1ci\u00f3 demokratiz\u00e1l\u00f3d\u00e1s\u00e1t: b\u00e1rmely tan\u00e1r vagy tanul\u00f3, helyt\u0151l vagy k\u00f6lts\u00e9gvet\u00e9st\u0151l f\u00fcggetlen\u00fcl, r\u00e9szes\u00fclhet a legmodernebb inform\u00e1ci\u00f3kb\u00f3l \u00e9s az ig\u00e9nyeire szabott interakt\u00edv oktat\u00e1si tev\u00e9kenys\u00e9gekb\u0151l. Ez a lehet\u0151s\u00e9g&nbsp;<strong>l\u00e9trehozni \u00e9s egy\u00fcttm\u0171k\u00f6dni<\/strong>&nbsp;az oktat\u00e1si tartalmak l\u00e9trehoz\u00e1s\u00e1hoz a modern digit\u00e1lis pedag\u00f3gia egyik k\u00f6zponti pill\u00e9re, amelynek k\u00f6z\u00e9ppontj\u00e1ban a tud\u00e1smegoszt\u00e1s \u00e9s a r\u00e9szv\u00e9telen alapul\u00f3 tanul\u00e1s \u00e1ll.<\/p>\n\n\n\n<h2 class=\"wp-block-heading\">Az OER fontoss\u00e1ga a nagyszab\u00e1s\u00fa oktat\u00e1si projektekben<\/h2>\n\n\n\n<p>A k\u00f6zelm\u00faltban a ny\u00edlt oktat\u00e1si er\u0151forr\u00e1sok fontoss\u00e1g\u00e1nak glob\u00e1lis elismer\u00e9se strat\u00e9giai kezdem\u00e9nyez\u00e9seket \u00e9s k\u00f6zpolitik\u00e1kat eredm\u00e9nyezett a fejleszt\u00e9s\u00fck \u00e9s haszn\u00e1latuk el\u0151mozd\u00edt\u00e1s\u00e1ra. Meghat\u00e1roz\u00f3 pillanat volt a&nbsp;<strong>Az UNESCO aj\u00e1nl\u00e1sa az EDO-kr\u00f3l<\/strong>&nbsp;2019 november\u00e9ben az els\u0151 nemzetk\u00f6zi dokumentum, amely a tag\u00e1llamok sz\u00e1m\u00e1ra cselekv\u00e9si keretet hat\u00e1roz meg az OER ter\u00fclet\u00e9n. Az UNESCO hangs\u00falyozza a ny\u00edlt forr\u00e1sok \u00e9s a ny\u00edlt forr\u00e1sok k\u00f6z\u00f6tti k\u00f6zvetlen kapcsolatot.&nbsp;<strong>4. c\u00e9lkit\u0171z\u00e9s<\/strong>&nbsp;a 2030-ig tart\u00f3 id\u0151szakra vonatkoz\u00f3 fenntarthat\u00f3 fejl\u0151d\u00e9si menetrend - inkluz\u00edv \u00e9s min\u0151s\u00e9gi oktat\u00e1s -, hangs\u00falyozva, hogy a REO-k t\u00e1mogathatj\u00e1k a k\u00f6vetkez\u0151ket&nbsp;<strong>egyenl\u0151 hozz\u00e1f\u00e9r\u00e9s az oktat\u00e1shoz \u00e9s az eg\u00e9sz \u00e9leten \u00e1t tart\u00f3 tanul\u00e1s lehet\u0151s\u00e9geihez<\/strong>. Az UNESCO aj\u00e1nl\u00e1sa \u00f6t f\u0151 ter\u00fcleten val\u00f3 befektet\u00e9sre \u00f6szt\u00f6nzi a korm\u00e1nyokat \u00e9s az int\u00e9zm\u00e9nyeket:<\/p>\n\n\n\n<ol class=\"wp-block-list\">\n<li><strong>A kulcsszerepl\u0151k kompetenci\u00e1inak fejleszt\u00e9se<\/strong>\u00a0(tan\u00e1rok, oktat\u00f3k) az OER l\u00e9trehoz\u00e1s\u00e1ban \u00e9s haszn\u00e1lat\u00e1ban;<\/li>\n\n\n\n<li><strong>Ny\u00edlt licencpolitik\u00e1k kidolgoz\u00e1sa<\/strong>\u00a0a k\u00f6zp\u00e9nzekb\u0151l finansz\u00edrozott oktat\u00e1si forr\u00e1sokra;<\/li>\n\n\n\n<li><strong>A befogad\u00e1s \u00e9s a hozz\u00e1f\u00e9rhet\u0151s\u00e9g \u00f6szt\u00f6nz\u00e9se<\/strong>\u00a0(pl. az OER fogyat\u00e9kkal \u00e9l\u0151k sz\u00e1m\u00e1ra t\u00f6rt\u00e9n\u0151 adapt\u00e1l\u00e1sa, valamint a k\u00fcl\u00f6nb\u00f6z\u0151 nyelvekre \u00e9s kultur\u00e1lis kontextusokra t\u00f6rt\u00e9n\u0151 ford\u00edt\u00e1s r\u00e9v\u00e9n);<\/li>\n\n\n\n<li><strong>A fenntarthat\u00f3s\u00e1g el\u0151mozd\u00edt\u00e1sa<\/strong>\u00a0a RED \u00f6kosziszt\u00e9m\u00e1k hossz\u00fa t\u00e1v\u00fa fenntarthat\u00f3s\u00e1ga;<\/li>\n\n\n\n<li><strong>A nemzetk\u00f6zi egy\u00fcttm\u0171k\u00f6d\u00e9s \u00f6szt\u00f6nz\u00e9se<\/strong>\u00a0a ny\u00edlt er\u0151forr\u00e1sok el\u0151\u00e1ll\u00edt\u00e1s\u00e1ban \u00e9s cser\u00e9j\u00e9ben.<\/li>\n<\/ol>\n\n\n\n<p>Ezek a strat\u00e9giai ir\u00e1nyok azt mutatj\u00e1k, hogy az OER-ek m\u00e1r nem elszigetelt kezdem\u00e9nyez\u00e9sek, hanem az oktat\u00e1si rendszerek 21. sz\u00e1zadi \u00e1talak\u00edt\u00e1s\u00e1t c\u00e9lz\u00f3 nagyszab\u00e1s\u00fa oktat\u00e1si reformok alapvet\u0151 elemei.<\/p>\n\n\n\n<p><strong>Nagyszab\u00e1s\u00fa nemzeti \u00e9s nemzetk\u00f6zi projektek<\/strong>&nbsp;gyakran integr\u00e1lnak ny\u00edlt er\u0151forr\u00e1s-\u00f6sszetev\u0151ket. Az olyan glob\u00e1lis platformokt\u00f3l kezdve, mint az OER Commons \u00e9s az OpenEdu, a nemzetk\u00f6zi szervezetek \u00e1ltal t\u00e1mogatott kezdem\u00e9nyez\u00e9seken \u00e1t az ambici\u00f3zus nemzeti programokig az OER-ek \u00e1llnak a hozz\u00e1f\u00e9rhet\u0151 \u00e9s interoper\u00e1bilis digit\u00e1lis oktat\u00e1si k\u00f6nyvt\u00e1rak l\u00e9trehoz\u00e1s\u00e1nak k\u00f6z\u00e9ppontj\u00e1ban. J\u00f3 p\u00e9lda erre&nbsp;<strong>Rom\u00e1nia<\/strong>, ahol a hat\u00f3s\u00e1gok nemr\u00e9giben kezdt\u00e9k meg a&nbsp;<strong>Virtu\u00e1lis iskolai k\u00f6nyvt\u00e1r<\/strong>&nbsp;- a digit\u00e1lis oktat\u00e1si forr\u00e1sok nemzeti k\u00f6zpontja - \u00e9s a hozz\u00e1 kapcsol\u00f3d\u00f3 e-learning platform, az \u00fagynevezett&nbsp;<strong>\"Tanul\u00e1s Rom\u00e1ni\u00e1ban\"<\/strong>. Ez a (2023-ban indul\u00f3) jogalkot\u00e1si kezdem\u00e9nyez\u00e9s az iskolai tantervek, m\u00f3dszertani \u00fatmutat\u00f3k, iskolai&nbsp;<strong>minta\u00f3r\u00e1k minden tant\u00e1rgyhoz<\/strong>\u00e9s \u00e9rt\u00e9kel\u0151 tesztek, k\u00f6zpontos\u00edtva az \u00e9rt\u00e9kes oktat\u00e1si forr\u00e1sokat. A t\u00f6rv\u00e9ny tov\u00e1bb\u00e1 biztos\u00edtja, hogy ezek a digit\u00e1lis anyagok el\u00e9rhet\u0151ek legyenek&nbsp;<strong>szabad \u00e9s \u00e1lland\u00f3<\/strong>&nbsp;minden di\u00e1k \u00e9s tan\u00e1r sz\u00e1m\u00e1ra, itthon \u00e9s a diaszp\u00f3r\u00e1ban, az Oktat\u00e1si Miniszt\u00e9riumnak a szerz\u0151k kiad\u00e1si jogainak \u00e1tad\u00e1s\u00e1val. \u00cdgy az \u00e1llam felel\u0151ss\u00e9get v\u00e1llal&nbsp;<strong>folyamatosan kezelni \u00e9s friss\u00edteni<\/strong>&nbsp;az OER-ek nemzeti t\u00e1r\u00e1t, felismerve azok alapvet\u0151 szerep\u00e9t az oktat\u00e1si egyenl\u0151tlens\u00e9gek cs\u00f6kkent\u00e9s\u00e9ben \u00e9s a t\u00e1voktat\u00e1s t\u00e1mogat\u00e1s\u00e1ban.<\/p>\n\n\n\n<p>M\u00e1s orsz\u00e1gokban is l\u00e9teznek hasonl\u00f3 kezdem\u00e9nyez\u00e9sek - pl. nemzeti OER-platformok az EU k\u00fcl\u00f6nb\u00f6z\u0151 tag\u00e1llamaiban, \u00c1zsi\u00e1ban vagy Amerik\u00e1ban -, amelyek c\u00e9lja a ny\u00edlt forr\u00e1sok integr\u00e1l\u00e1sa a form\u00e1lis \u00e9s inform\u00e1lis oktat\u00e1sba, hogy min\u00e9l t\u00f6bb kedvezm\u00e9nyezett \u00e9lvezhesse el\u0151nyeiket.<\/p>\n\n\n\n<p>Ez\u00e9rt a RED-ek nagyszab\u00e1s\u00fa projektekbe val\u00f3 integr\u00e1l\u00e1sa nemcsak el\u0151ny\u00f6s, hanem be is bizonyult, hogy&nbsp;<em>strat\u00e9giai<\/em>. A nemzeti tantervfejleszt\u00e9si programokban (pl. az iskolai tantervek aktualiz\u00e1l\u00e1sa sor\u00e1n) vagy az EU \u00e1ltal finansz\u00edrozott projektekben (pl. tan\u00e1rk\u00e9pz\u00e9s \u00e9s az iskol\u00e1k technol\u00f3giai felszerel\u00e9se) a ny\u00edlt forr\u00e1sok \u00f6sszetev\u0151je biztos\u00edtja a k\u00f6vetkez\u0151ket&nbsp;<strong>fenntarthat\u00f3s\u00e1g \u00e9s m\u00e9retezhet\u0151s\u00e9g<\/strong>&nbsp;beavatkoz\u00e1sok: a l\u00e9trehozott digit\u00e1lis anyagok a projekt megval\u00f3s\u00edt\u00e1si id\u0151szak\u00e1n t\u00fal is \u00fajrafelhaszn\u00e1lhat\u00f3k \u00e9s adapt\u00e1lhat\u00f3k, \u00e9s hossz\u00fa t\u00e1von b\u00e1rki sz\u00e1m\u00e1ra hozz\u00e1f\u00e9rhet\u0151ek, akinek sz\u00fcks\u00e9ge van r\u00e1juk. Az ERO-k nemzetk\u00f6zi egy\u00fcttm\u0171k\u00f6d\u00e9st is lehet\u0151v\u00e9 tesznek: a forr\u00e1sok orsz\u00e1gok k\u00f6z\u00f6tti megoszt\u00e1s\u00e1val \u00e9s a k\u00fcl\u00f6nb\u00f6z\u0151 kontextusokhoz val\u00f3 hozz\u00e1igaz\u00edt\u00e1s\u00e1val hidak j\u00f6nnek l\u00e9tre a nyelvi \u00e9s tantervi korl\u00e1tok k\u00f6z\u00f6tt, felgyors\u00edtva a pedag\u00f3giai innov\u00e1ci\u00f3t glob\u00e1lis szinten.<\/p>\n\n\n\n<h2 class=\"wp-block-heading\">LIVRESQ K\u00f6nyvt\u00e1r \u00e9s az OER-k\u00f6z\u00f6ss\u00e9g: a j\u00f3 gyakorlat p\u00e9ld\u00e1ja<\/h2>\n\n\n\n<p>Az OER digit\u00e1lis pedag\u00f3gi\u00e1ba val\u00f3 integr\u00e1ci\u00f3j\u00e1nak \u00e9kes p\u00e9ld\u00e1ja a k\u00f6vetkez\u0151&nbsp;<strong>LIVRESQ platform<\/strong>Az LIVRESQ egy intuit\u00edv e-learning szerkeszt\u0151t \u00e9s egy online k\u00f6rnyezetet k\u00edn\u00e1l interakt\u00edv digit\u00e1lis leck\u00e9k l\u00e9trehoz\u00e1s\u00e1hoz \u00e9s terjeszt\u00e9s\u00e9hez.&nbsp;<strong>A nyilv\u00e1nos k\u00f6nyvt\u00e1r<\/strong>a&nbsp;<em>library.livresq.com<\/em>oldalon \u00e9rhet\u0151 el, ahol a tan\u00e1rok k\u00f6zz\u00e9tehetik<\/p>\n\n\n\n<p>Az LIVRESQ k\u00f6nyvt\u00e1r jelenleg t\u00f6bb mint\u00a0<strong>56,900 interakt\u00edv anyagok<\/strong>\u00a0tan\u00e1rok \u00e1ltal k\u00e9sz\u00edtett, a tant\u00e1rgyak \u00e9s oktat\u00e1si szintek sz\u00e9les sk\u00e1l\u00e1j\u00e1t lefed\u0151 tananyag. Ezek k\u00f6z\u00fcl t\u00f6bb mint\u00a0<strong>13,600 forr\u00e1s nyilv\u00e1nos<\/strong>Ez azt jelenti, hogy b\u00e1rki (tan\u00e1r vagy di\u00e1k) korl\u00e1toz\u00e1s n\u00e9lk\u00fcl megjelen\u00edtheti \u00e9s haszn\u00e1lhatja \u0151ket. R\u00e1ad\u00e1sul a\u00a0<em>ny\u00edlt tartalom<\/em>,\u00a0<strong>t\u00f6bb mint 7,300 lecke<\/strong>\u00a0tartalmazz\u00e1k \u00e9s\u00a0<strong>szerkeszthet\u0151 forr\u00e1saik<\/strong>, m\u00e1sol\u00e1sra \u00e9s \u00e1tdolgoz\u00e1sra rendelkez\u00e9sre \u00e1ll. A szerz\u0151k a lecke \"forr\u00e1sk\u00f3dj\u00e1t\" (a szerkeszt\u0151ben l\u00e9v\u0151 v\u00e1zlatot) nyilv\u00e1noss\u00e1 tehetik, \u00edgy m\u00e1s felhaszn\u00e1l\u00f3k is kattinthatnak a\u00a0<strong>\"Forr\u00e1s szerkeszt\u00e9se\"<\/strong>\u00a0\u00e9s azonnal kap egy szerkeszthet\u0151 m\u00e1solatot a saj\u00e1t fi\u00f3kj\u00e1ban. Ez a funkci\u00f3 forradalmas\u00edtja a legjobb gyakorlatok terjeszt\u00e9s\u00e9nek m\u00f3dj\u00e1t:\u00a0<strong>nem csak a k\u00e9szterm\u00e9k (a digit\u00e1lis lecke), hanem annak szerkezete \u00e9s alapvet\u0151 tartalma is \u00fajrafelhaszn\u00e1lhat\u00f3.<\/strong>. \u00cdgy a tan\u00e1r gyorsan elk\u00e9sz\u00edtheti egy megl\u00e9v\u0151 lecke adapt\u00e1lt v\u00e1ltozat\u00e1t, id\u0151t takar\u00edtva meg, \u00e9s kihaszn\u00e1lva annak a koll\u00e9g\u00e1nak a szak\u00e9rtelm\u00e9t, aki az eredetit k\u00e9sz\u00edtette.<\/p>\n\n\n\n<p>Az LIVRESQ k\u00f6z\u00f6ss\u00e9g egy egy\u00fcttm\u0171k\u00f6d\u0151 OER \u00f6kosziszt\u00e9mak\u00e9nt m\u0171k\u00f6dik, ahol minden egyes hozz\u00e1j\u00e1rul\u00e1s a ny\u00edlt oktat\u00e1si er\u0151forr\u00e1sok k\u00f6z\u00f6s t\u00e1rh\u00e1z\u00e1t gyarap\u00edtja. Az\u00e9rt, hogy biztos\u00edtsuk&nbsp;<strong>min\u0151s\u00e9g<\/strong>&nbsp;\u00e9s&nbsp;<strong>hasznos<\/strong>&nbsp;anyagok eset\u00e9ben minden k\u00f6zz\u00e9tett forr\u00e1snak meg kell felelnie a minim\u00e1lis min\u0151s\u00e9gi k\u00f6vetelm\u00e9nyeknek:<\/p>\n\n\n\n<ul class=\"wp-block-list\">\n<li>Az alapvet\u0151 metaadatok kit\u00f6lt\u00e9se (c\u00edm, szerz\u0151, le\u00edr\u00e1s, relev\u00e1ns kulcsszavak, reprezentat\u00edv bor\u00edt\u00f3k\u00e9p);<\/li>\n\n\n\n<li>helyes kategoriz\u00e1l\u00e1s tant\u00e1rgyak, iskolai szintek \u00e9s c\u00e9lkompetenci\u00e1k szerint;<\/li>\n\n\n\n<li>a multim\u00e9di\u00e1s tartalmak konzisztenci\u00e1j\u00e1nak szab\u00e1lyait tiszteletben tartj\u00e1k.<\/li>\n<\/ul>\n\n\n\n<p>Ezek a k\u00f6vetelm\u00e9nyek garant\u00e1lj\u00e1k&nbsp;<strong>koherens k\u00f6nyvt\u00e1ri szervezet<\/strong>&nbsp;\u00e9s&nbsp;<strong>\u00e1tj\u00e1rhat\u00f3s\u00e1g<\/strong>&nbsp;er\u0151forr\u00e1sok: a felhaszn\u00e1l\u00f3k hat\u00e9konyan kereshetnek leck\u00e9ket meghat\u00e1rozott krit\u00e9riumok alapj\u00e1n, \u00e9s az anyagok k\u00f6nnyen integr\u00e1lhat\u00f3k k\u00fcl\u00f6nb\u00f6z\u0151 oktat\u00e1si kontextusokba (online kurzusok, oszt\u00e1lytermi el\u0151ad\u00e1sok stb.). A platform a k\u00f6vetkez\u0151ket is k\u00edn\u00e1lja&nbsp;<strong>felhaszn\u00e1l\u00e1si statisztik\u00e1k<\/strong>&nbsp;\u00e9s&nbsp;<strong>visszajelz\u00e9s<\/strong>&nbsp;a k\u00f6zz\u00e9tett leck\u00e9khez, a min\u0151s\u00e9g ellen\u0151rz\u00e9s\u00e9t, valamint a sablonok \u00e9s a tartalom folyamatos jav\u00edt\u00e1s\u00e1t seg\u00edt\u0151 eszk\u00f6z\u00f6k.<\/p>\n\n\n\n<p>K\u00fcl\u00f6nleges kezdem\u00e9nyez\u00e9sek, mint p\u00e9ld\u00e1ul a nemzeti program&nbsp;<strong>CRED (Relev\u00e1ns tanterv, Nyitott oktat\u00e1s mindenkinek)<\/strong>az Oktat\u00e1si Miniszt\u00e9rium \u00e1ltal m\u0171k\u00f6dtetett LIVRESQ platform seg\u00edts\u00e9g\u00e9vel t\u00f6bb ezer tan\u00e1rt k\u00e9peztek ki az OER-ek l\u00e9trehoz\u00e1s\u00e1ra, \u00e9s t\u00f6bb sz\u00e1z ny\u00edlt forr\u00e1st tettek k\u00f6zz\u00e9. Az LIVRESQ k\u00f6nyvt\u00e1r t\u00f6bb mint 300, a CRED keret\u00e9ben kifejlesztett, valid\u00e1lt \u00e9s az \u00faj tantervhez igaz\u00edtott anyagot, valamint k\u00f6zel 500 digit\u00e1lis anyagot tartalmaz.&nbsp;<strong>hivatalosan j\u00f3v\u00e1hagyva<\/strong>&nbsp;az Oktat\u00e1si Miniszt\u00e9rium \u00e1ltal. Ezek a sz\u00e1mok t\u00fckr\u00f6zik a k\u00f6z\u00f6ss\u00e9g nagys\u00e1grendj\u00e9t \u00e9s azt, hogy&nbsp;<strong>oktat\u00e1spolitikai projektek<\/strong>bet\u00e1pl\u00e1lhatj\u00e1k az OER-t\u00e1rh\u00e1zakba, majd be\u00e9p\u00edthetik azokat az oszt\u00e1lytermi gyakorlatba.<\/p>\n\n\n\n<p>Plusz, <a href=\"https:\/\/livresq.com\/ro\/pedagogie-digitala\/\">Az LIVRESQ biztos\u00edtja\u00a0<strong>a szakmai fejl\u0151d\u00e9s t\u00e1mogat\u00e1sa<\/strong>\u00a0a tan\u00e1rok digit\u00e1lis kompetenci\u00e1i. A platform tanfolyamoknak ad otthont (pl,\u00a0<strong>\"Az OER tervez\u00e9se, megval\u00f3s\u00edt\u00e1sa \u00e9s haszn\u00e1lata\"<\/strong>) \u00e9s gyakorlati k\u00e9pz\u00e9si anyagok, amelyek seg\u00edtenek a tan\u00e1roknak min\u0151s\u00e9gi, interakt\u00edv \u00f3r\u00e1kat k\u00e9sz\u00edteni ODL form\u00e1tumban, amelyeket azt\u00e1n a k\u00f6nyvt\u00e1rban terjeszthetnek.<\/a>. A c\u00e9l:<\/p>\n\n\n\n<ul class=\"wp-block-list\">\n<li><strong>A min\u0151s\u00e9g jav\u00edt\u00e1sa<\/strong>\u00a0az oktat\u00e1si rendszerben rendelkez\u00e9sre \u00e1ll\u00f3 oktat\u00e1si forr\u00e1sok;<\/li>\n\n\n\n<li><strong>Digit\u00e1lis kompetenci\u00e1k fejleszt\u00e9se<\/strong>\u00a0a tan\u00e1rok digit\u00e1lis pedag\u00f3giai k\u00e9szs\u00e9gekre vonatkoz\u00f3 eur\u00f3pai szabv\u00e1nyokkal \u00f6sszhangban.<\/li>\n<\/ul>\n\n\n\n<p>A k\u00f6z\u00f6ss\u00e9gfejleszt\u00e9snek ez a modellje - amely a technol\u00f3gi\u00e1t, a ny\u00edlt tartalmat \u00e9s a munkahelyi k\u00e9pz\u00e9st \u00f6tv\u00f6zi - r\u00e1vil\u00e1g\u00edt az ODL-nek az oktat\u00e1s moderniz\u00e1ci\u00f3j\u00e1ra gyakorolt pozit\u00edv hat\u00e1s\u00e1ra: a tan\u00e1rok egyszerre v\u00e1lnak&nbsp;<strong>fogyaszt\u00f3k<\/strong>valamint&nbsp;<strong>alkot\u00f3k \u00e9s forgalmaz\u00f3k<\/strong>&nbsp;a digit\u00e1lis er\u0151forr\u00e1sok, folyamatosan gazdag\u00edtva az \u00f6kosziszt\u00e9m\u00e1t.<\/p>\n\n\n\n<h2 class=\"wp-block-heading\">Az OER-sablonok szabv\u00e1nyos\u00edt\u00e1sa az \u00fajrafelhaszn\u00e1lhat\u00f3s\u00e1g \u00e9s az interoperabilit\u00e1s \u00e9rdek\u00e9ben<\/h2>\n\n\n\n<p>Az OER-ek nagyszab\u00e1s\u00fa hasznos\u00edt\u00e1s\u00e1nak egyik legnagyobb kih\u00edv\u00e1sa az, hogy&nbsp;<strong>szabv\u00e1nyos\u00edt\u00e1s<\/strong>, mind pedag\u00f3giai (az er\u0151forr\u00e1st alkot\u00f3 szerkezet \u00e9s elemek), mind technikai (f\u00e1jlform\u00e1tum, platformok k\u00f6z\u00f6tti kompatibilit\u00e1s) szempontb\u00f3l. A szabv\u00e1nyos\u00edt\u00e1s elengedhetetlen ahhoz, hogy az OER-ek&nbsp;<strong>k\u00f6nnyen \u00fajrafelhaszn\u00e1lhat\u00f3, \u00fajrakeverhet\u0151 \u00e9s integr\u00e1lhat\u00f3<\/strong>&nbsp;k\u00fcl\u00f6nb\u00f6z\u0151 k\u00f6rnyezetekben \u00e9s rendszerekben, tov\u00e1bbi \u00e1talak\u00edt\u00e1si vagy adapt\u00e1ci\u00f3s er\u0151fesz\u00edt\u00e9sek n\u00e9lk\u00fcl.<\/p>\n\n\n\n<p>Ennek \u00e9rdek\u00e9ben az LIVRESQ platform befektetett a k\u00f6vetkez\u0151 eszk\u00f6z\u00f6k l\u00e9trehoz\u00e1s\u00e1ba\u00a0<strong>szabv\u00e1nyos\u00edtott leckesablonok<\/strong>a szerz\u0151knek \u00fatmutat\u00e1st ny\u00fajt a koherens \u00e9s interoper\u00e1bilis OER-ek megval\u00f3s\u00edt\u00e1s\u00e1hoz. Az LIVRESQ jelenleg a k\u00f6vetkez\u0151ket biztos\u00edtja\u00a0<strong>n\u00e9gy pedag\u00f3giai sablon<\/strong>\u00a0k\u00fcl\u00f6n\u00e1ll\u00f3, az \u00e1ltal\u00e1ban k\u00f6zz\u00e9tetteken k\u00edv\u00fcl, amelyek mindegyike egy-egy, a konkr\u00e9t oktat\u00e1si c\u00e9lokra \u00e9s kontextusokra szabott oktat\u00e1si modellt k\u00e9pvisel:<\/p>\n\n\n\n<ol class=\"wp-block-list\">\n<li><strong>RED Classic<\/strong>: hagyom\u00e1nyos leckeszerkezet a c\u00e9lkit\u0171z\u00e9sekre, a tartalomra \u00e9s az \u00e9rt\u00e9kel\u00e9sre vonatkoz\u00f3 r\u00e9szekkel, amely tant\u00e1rgyak \u00e9s neh\u00e9zs\u00e9gi szintek sz\u00e9les sk\u00e1l\u00e1j\u00e1hoz alkalmas;<\/li>\n\n\n\n<li><strong>RED tisztas\u00e1g<\/strong>: az inform\u00e1ci\u00f3k szigor\u00faan logikus szervez\u00e9se, ide\u00e1lis az \u00f6sszetett elm\u00e9leti \u00f3r\u00e1khoz, ahol az \u00e1ttekinthet\u0151s\u00e9g \u00e9s a rendszerez\u00e9s elengedhetetlen;<\/li>\n\n\n\n<li><strong>RED Flux<\/strong>: elbesz\u00e9l\u0151 \u00e9s l\u00e9p\u00e9sr\u0151l-l\u00e9p\u00e9sre fel\u00e9p\u00edtett form\u00e1tum, amely a tartalom szekvenci\u00e1lis sorrendbe \u00e1ll\u00edt\u00e1s\u00e1val interaktivit\u00e1sra \u00e9s tapasztalati tanul\u00e1sra \u00f6szt\u00f6n\u00f6z;<\/li>\n\n\n\n<li><strong>RED Story<\/strong>: az er\u0151 hasznos\u00edt\u00e1sa\u00a0<em>t\u00f6rt\u00e9netmes\u00e9l\u00e9s<\/em>-Izgalmas \u00e9rzelmi kontextust teremt, amely k\u00fcl\u00f6n\u00f6sen alkalmas interdiszciplin\u00e1ris projektekhez vagy a di\u00e1kok kreativit\u00e1s\u00e1nak \u00f6szt\u00f6nz\u00e9s\u00e9hez.<\/li>\n<\/ol>\n\n\n\n<p>B\u00e1r c\u00e9ljuk hasonl\u00f3, ezek a sablonok az interakt\u00edv forr\u00e1sok alapvet\u0151 elemeit (sz\u00f6veg, k\u00e9pek, vide\u00f3k, gyakorlatok, kv\u00edzek stb.) olyan m\u00f3don tartalmazz\u00e1k, hogy&nbsp;<strong>egys\u00e9ges \u00e9s a digit\u00e1lis pedag\u00f3gia alapelvei szerint<\/strong>, biztos\u00edtva mindkett\u0151&nbsp;<strong>a tan\u00edt\u00e1s min\u0151s\u00e9ge<\/strong>valamint&nbsp;<strong>kompatibilit\u00e1s<\/strong>&nbsp;forr\u00e1sok. B\u00e1rmelyik tan\u00e1r, b\u00e1rmilyen szint\u0171 tapasztalattal is rendelkezik, kiindulhat e modellek egyik\u00e9b\u0151l, \u00e9s hozz\u00e1adhatja a tant\u00e1rgyspecifikus tartalmat, biztos lehet abban, hogy az \u00f3ra fel\u00e9p\u00edt\u00e9se az elismert helyes gyakorlatot k\u00f6veti.<\/p>\n\n\n\n<p>Az al\u00e1bbiak tekintet\u00e9ben&nbsp;<strong>m\u0171szaki<\/strong>, az LIVRESQ \u00e9s m\u00e1s e-learning platformok nemzetk\u00f6zileg elismert form\u00e1tumokat \u00e9s protokollokat fogadnak el, amelyek lehet\u0151v\u00e9 teszik a tartalmak k\u00fcl\u00f6nb\u00f6z\u0151 rendszerek k\u00f6z\u00f6tti \u00e1tvitel\u00e9t. Ennek egyik kiemelked\u0151 p\u00e9ld\u00e1ja a&nbsp;<strong>SCORM (Megoszthat\u00f3 tartalmi objektum referencia modell)<\/strong>, az LIVRESQ szerkeszt\u0151ben. A SCORM szabv\u00e1nyos m\u00f3dokat hat\u00e1roz meg az e-learning tartalmak csomagol\u00e1s\u00e1ra \u00e9s a tanul\u00e1smenedzsment rendszer (LMS) platformokkal val\u00f3 kommunik\u00e1ci\u00f3ra. A leck\u00e9k SCORM form\u00e1tumban t\u00f6rt\u00e9n\u0151 export\u00e1l\u00e1s\u00e1val az LIVRESQ-ben l\u00e9trehozott OER felt\u00f6lthet\u0151 \u00e9s nyomon k\u00f6vethet\u0151 (halad\u00e1sfigyel\u00e9s, eredm\u00e9nygy\u0171jt\u00e9s) b\u00e1rmely kompatibilis LMS-ben, \u00edgy biztos\u00edtva a k\u00f6vetkez\u0151ket.&nbsp;<strong>a tartalom hordozhat\u00f3s\u00e1ga<\/strong>&nbsp;a k\u00fcl\u00f6nb\u00f6z\u0151 oktat\u00e1si rendszerek k\u00f6z\u00f6tt.<\/p>\n\n\n\n<p>A szabv\u00e1nyos\u00edt\u00e1s kiterjed a k\u00f6vetkez\u0151kre is\u00a0<strong>metaadatok<\/strong>. Az \u00fajrafelhaszn\u00e1l\u00e1s megk\u00f6nny\u00edt\u00e9se \u00e9rdek\u00e9ben minden er\u0151forr\u00e1st egy\u00a0<strong>rendszer<\/strong>\u00a0k\u00f6z\u00f6s (pl. Dublin Core vagy oktat\u00e1si szabv\u00e1nyok, mint a LOM - Learning Object Metadata): c\u00edm, szerz\u0151, nyelv, oktat\u00e1si szint, megc\u00e9lzott kompetenci\u00e1k, licenc, m\u00e9diaform\u00e1tum stb. LIVRESQ megk\u00f6veteli e metaadatok kit\u00f6lt\u00e9s\u00e9t a k\u00f6zz\u00e9t\u00e9telkor \u00e9s a leck\u00e9k helyes oszt\u00e1lyoz\u00e1s\u00e1t, megk\u00f6nny\u00edtve ezzel a k\u00f6vetkez\u0151ket\u00a0<strong>sz\u0171rt keres\u00e9s<\/strong>\u00a0\u00e9s\u00a0<strong>indexel\u00e9s<\/strong> tartalom az oktat\u00e1si keres\u0151motorokban. A platform emellett a k\u00f6vetkez\u0151ket k\u00edn\u00e1lja,\u00a0<strong>felhaszn\u00e1l\u00e1si statisztik\u00e1k<\/strong>\u00a0\u00e9s\u00a0<strong>visszajelz\u00e9s<\/strong> a k\u00f6zz\u00e9tett leck\u00e9khez, \u00e9rt\u00e9kes eszk\u00f6z\u00f6k a min\u0151s\u00e9g ellen\u0151rz\u00e9s\u00e9hez \u00e9s a sablonok optimaliz\u00e1l\u00e1s\u00e1hoz.<\/p>\n\n\n\n<p>A szabv\u00e1nyos\u00edt\u00e1s az OER \u00f6kosziszt\u00e9m\u00e1ban nem merevs\u00e9get jelent, hanem l\u00e9trehozza&nbsp;<strong>k\u00f6z\u00f6s nyelvezet \u00e9s referencia\u00e9rt\u00e9kek<\/strong>&nbsp;amelyek lehet\u0151v\u00e9 teszik az egy\u00fcttm\u0171k\u00f6d\u00e9st \u00e9s az innov\u00e1ci\u00f3t. A tan\u00e1rok hat\u00e9konyan kombin\u00e1lhatj\u00e1k \u00e9s \u00f6ssze\u00e1ll\u00edthatj\u00e1k a megl\u00e9v\u0151 oktat\u00e1si r\u00e9szeket, tudva, hogy azok kompatibilisek \u00e9s az elismert szabv\u00e1nyoknak megfelel\u0151en integr\u00e1ltak.<\/p>\n\n\n\n<h2 class=\"wp-block-heading\">Az ODL \u00e9s a modern digit\u00e1lis tanul\u00e1s hat\u00e9konys\u00e1ga<\/h2>\n\n\n\n<p>A ny\u00edlt oktat\u00e1si forr\u00e1sok az elm\u00falt \u00e9vtizedben lend\u00fcletet kaptak a k\u00f6vetkez\u0151knek k\u00f6sz\u00f6nhet\u0151en&nbsp;<strong>k\u00f6zvetlen hozz\u00e1j\u00e1rul\u00e1suk a tanul\u00e1s hat\u00e9konys\u00e1g\u00e1hoz \u00e9s min\u0151s\u00e9g\u00e9hez<\/strong>&nbsp;a digit\u00e1lis k\u00f6rnyezetben. A kort\u00e1rs oktat\u00e1snak meg kell felelnie az interaktivit\u00e1shoz szokott, digit\u00e1lisan anyanyelvi szinten tanul\u00f3 gener\u00e1ci\u00f3 ig\u00e9nyeinek, \u00e9s egy olyan k\u00f6rnyezetnek, amelyben az eg\u00e9sz \u00e9leten \u00e1t tart\u00f3 tanul\u00e1s alapvet\u0151 fontoss\u00e1g\u00fa. Az OER t\u00f6k\u00e9letesen megfelel ezeknek a k\u00f6vetelm\u00e9nyeknek, mivel rugalmas, interakt\u00edv \u00e9s hozz\u00e1f\u00e9rhet\u0151 megold\u00e1sokat k\u00edn\u00e1l.<\/p>\n\n\n\n<h3 class=\"wp-block-heading\">Alkalmazkod\u00f3k\u00e9pess\u00e9g a tanul\u00f3k ig\u00e9nyeihez<\/h3>\n\n\n\n<p>Az OER egyik f\u0151 el\u0151nye&nbsp;<strong>alkalmazkod\u00f3k\u00e9pess\u00e9g<\/strong>. A nyitott forr\u00e1sokat a tan\u00e1rok gyorsan m\u00f3dos\u00edthatj\u00e1k a di\u00e1kok felk\u00e9sz\u00fclts\u00e9gi szintj\u00e9nek, tanul\u00e1si st\u00edlus\u00e1nak vagy \u00e9rdekl\u0151d\u00e9si k\u00f6r\u00e9nek megfelel\u0151en. P\u00e9ld\u00e1ul egy ny\u00edlt digit\u00e1lis tank\u00f6nyv kieg\u00e9sz\u00edthet\u0151 tov\u00e1bbi multim\u00e9di\u00e1s elemekkel a vizu\u00e1lis vagy audit\u00edv tanul\u00f3k t\u00e1mogat\u00e1sa \u00e9rdek\u00e9ben, vagy leford\u00edthat\u00f3 \u00e9s k\u00e9tnyelv\u0171 k\u00f6rnyezetben haszn\u00e1lhat\u00f3. A szakirodalom hangs\u00falyozza, hogy az OER-ek&nbsp;<strong>a tanulm\u00e1nyi szintnek \u00e9s a tanul\u00f3i preferenci\u00e1knak megfelel\u0151en alak\u00edthat\u00f3 ki<\/strong>\u00edgy hozz\u00e1j\u00e1rulva a&nbsp;<strong>tanul\u00f3k\u00f6zpont\u00fa tanul\u00e1s<\/strong>ahol mindenki a saj\u00e1t temp\u00f3j\u00e1ban halad, n\u00f6velve a motiv\u00e1ci\u00f3t \u00e9s a tanul\u00e1s ir\u00e1nti elk\u00f6telezetts\u00e9get.<\/p>\n\n\n\n<h3 class=\"wp-block-heading\">Az inform\u00e1ci\u00f3k id\u0151szer\u0171s\u00e9ge \u00e9s pontoss\u00e1ga<\/h3>\n\n\n\n<p>A nyomtatott tank\u00f6nyvekkel ellent\u00e9tben, amelyek gyorsan elavulhatnak, a digit\u00e1lis OER-ek azonnal friss\u00edthet\u0151k, hogy t\u00fckr\u00f6zz\u00e9k a leg\u00fajabb tudom\u00e1nyos ismereteket \u00e9s a tantervi v\u00e1ltoz\u00e1sokat. A tan\u00e1rok egy\u00fcttm\u0171k\u00f6dve folyamatosan jav\u00edthatj\u00e1k a tartalmat, kijav\u00edthatj\u00e1k a hib\u00e1kat \u00e9s \u00fajabb p\u00e9ld\u00e1kkal eg\u00e9sz\u00edthetik ki, tudva, hogy a v\u00e1ltoztat\u00e1sokat az eg\u00e9sz k\u00f6z\u00f6ss\u00e9g sz\u00e1m\u00e1ra ingyenesen terjesztik.<\/p>\n\n\n\n<h3 class=\"wp-block-heading\">Sz\u00e9lesebb k\u00f6r\u0171 hozz\u00e1f\u00e9rhet\u0151s\u00e9g \u00e9s oktat\u00e1si egyenl\u0151s\u00e9g<\/h3>\n\n\n\n<p>A defin\u00edci\u00f3 szerint a ny\u00edlt forr\u00e1s online, ingyenesen hozz\u00e1f\u00e9rhet\u0151, b\u00e1rhol, ahol van internetkapcsolat, ami azt jelenti, hogy a h\u00e1tr\u00e1nyos helyzet\u0171 vagy t\u00e1voli ter\u00fcleteken \u00e9l\u0151 tanul\u00f3k olyan min\u0151s\u00e9gi oktat\u00e1si forr\u00e1sokhoz juthatnak, amelyekhez egy\u00e9bk\u00e9nt nem juthatn\u00e1nak hozz\u00e1. V\u00e1ls\u00e1g idej\u00e9n (pl. a COVID-19 vil\u00e1gj\u00e1rv\u00e1ny) az OER-gy\u0171jtem\u00e9nyek l\u00e9te megk\u00f6nny\u00edtette a t\u00e1voktat\u00e1sra val\u00f3 gyors \u00e1t\u00e1ll\u00e1st, mivel a tan\u00e1rok \u00e9s a di\u00e1kok licencprobl\u00e9m\u00e1k \u00e9s t\u00f6bbletk\u00f6lts\u00e9gek n\u00e9lk\u00fcl hozz\u00e1f\u00e9rhettek az online el\u00e9rhet\u0151 digit\u00e1lis anyagokhoz. \u00cdgy,&nbsp;<strong>szabad hozz\u00e1f\u00e9r\u00e9s a tud\u00e1shoz<\/strong>&nbsp;a m\u00e9lt\u00e1nyoss\u00e1g eszk\u00f6z\u00e9v\u00e9 v\u00e1lik, seg\u00edtve a r\u00e9gi\u00f3k \u00e9s t\u00e1rsadalmi-gazdas\u00e1gi csoportok k\u00f6z\u00f6tti oktat\u00e1si egyenl\u0151tlens\u00e9gek cs\u00f6kkent\u00e9s\u00e9t.<\/p>\n\n\n\n<h3 class=\"wp-block-heading\">Szakmai juttat\u00e1sok a tan\u00e1rok sz\u00e1m\u00e1ra<\/h3>\n\n\n\n<p>Amellett, hogy az OER-mozgalom anyagok sz\u00e9les sk\u00e1l\u00e1j\u00e1t k\u00edn\u00e1lja sz\u00e1mukra, \u00f6szt\u00f6nzi a k\u00f6vetkez\u0151 dolgokat is&nbsp;<strong>kreativit\u00e1s \u00e9s innov\u00e1ci\u00f3 tan\u00edt\u00e1sa<\/strong>. A tan\u00e1rokat nemcsak arra \u00f6szt\u00f6nzik, hogy haszn\u00e1lj\u00e1k a megl\u00e9v\u0151 forr\u00e1sokat, hanem arra is, hogy hozzanak l\u00e9tre \u00faj, az iskolai k\u00f6z\u00f6ss\u00e9g\u00fckre szabott forr\u00e1sokat, amelyeket azt\u00e1n megosztanak. Ez a folyamat&nbsp;<em>megoszt\u00e1s<\/em>&nbsp;\u00e9s&nbsp;<em>t\u00e1rsakt\u00f3l val\u00f3 tanul\u00e1s<\/em>&nbsp;gyakorlati k\u00f6z\u00f6ss\u00e9gek kialakul\u00e1s\u00e1hoz vezet, \u00e9s elismer\u00e9st biztos\u00edt a szerz\u0151k sz\u00e1m\u00e1ra (egyes platformok, mint p\u00e9ld\u00e1ul az LIVRESQ, digit\u00e1lis tan\u00fas\u00edtv\u00e1nyokat adnak, \u00e9s megtekint\u00e9si statisztik\u00e1kat ny\u00fajtanak, hogy kiemelj\u00e9k a szerz\u0151k hozz\u00e1j\u00e1rul\u00e1s\u00e1t a k\u00f6z\u00f6s haszn\u00e1lathoz). A tan\u00e1rok \u00edgy v\u00e1lnak&nbsp;<strong>digit\u00e1lis tananyag t\u00e1rsalkot\u00f3k<\/strong>Nem csak az el\u0151\u00edrt k\u00e9zik\u00f6nyvek k\u00f6vet\u0151i, n\u00f6velik a munk\u00e1val val\u00f3 el\u00e9gedetts\u00e9get \u00e9s a k\u00e9pess\u00e9geikbe vetett bizalmat.<\/p>\n\n\n\n<p>Az OER el\u0151\u00e1ll\u00edt\u00e1s\u00e1ban val\u00f3 r\u00e9szv\u00e9tel tov\u00e1bb\u00e1 hozz\u00e1j\u00e1rul a digit\u00e1lis kompetenci\u00e1k fejleszt\u00e9s\u00e9hez: a technikai kompetenci\u00e1kt\u00f3l (szerz\u0151i eszk\u00f6z\u00f6k haszn\u00e1lata, e-tanul\u00e1si form\u00e1tumok \u00e9s szabv\u00e1nyok megismer\u00e9se) a speci\u00e1lis pedag\u00f3giai kompetenci\u00e1kig (oktat\u00e1stervez\u00e9s, c\u00e9lok \u00e9s eredm\u00e9nyek szerinti gondolkod\u00e1s, format\u00edv \u00e9rt\u00e9kel\u00e9s integr\u00e1l\u00e1sa). Az OER-k\u00f6zpont\u00fa k\u00e9pz\u00e9si programok, mint p\u00e9ld\u00e1ul az LIVRESQ platformon k\u00edn\u00e1ltak, kifejezetten a k\u00f6vetkez\u0151kre ir\u00e1nyulnak.&nbsp;<strong>a tan\u00e1rok digit\u00e1lis kompetenci\u00e1inak fejleszt\u00e9se<\/strong>&nbsp;mik\u00f6zben konkr\u00e9t oktat\u00e1si term\u00e9keket hoz l\u00e9tre. Ez a kett\u0151s el\u0151ny - min\u0151s\u00e9gi anyagok a tanul\u00f3k sz\u00e1m\u00e1ra \u00e9s digit\u00e1lisan jobban felk\u00e9sz\u00fclt tan\u00e1rok - j\u00f3l szeml\u00e9lteti az OER \u00e9s a modern oktat\u00e1s c\u00e9ljai k\u00f6z\u00f6tti szinergi\u00e1t.<\/p>\n\n\n\n<h3 class=\"wp-block-heading\">Az egy\u00fcttm\u0171k\u00f6d\u00e9s \u00e9s az innov\u00e1ci\u00f3 kult\u00far\u00e1ja<\/h3>\n\n\n\n<p>Ny\u00edlt jelleg\u00fckn\u00e9l fogva a RED-ek&nbsp;<strong>az egy\u00fcttm\u0171k\u00f6d\u00e9s kult\u00far\u00e1j\u00e1nak \u00e1pol\u00e1sa<\/strong>&nbsp;\u00e9s innov\u00e1ci\u00f3 az oktat\u00e1sban. Az a t\u00e9ny, hogy mindenki hozz\u00e1j\u00e1rulhat \u00e9s mindenki hasznot h\u00fazhat ezekb\u0151l az er\u0151forr\u00e1sokb\u00f3l, kedvez\u0151 k\u00f6rnyezetet teremt a tan\u00edt\u00e1si k\u00eds\u00e9rletez\u00e9shez \u00e9s a folyamatos fejleszt\u00e9shez. A tan\u00e1rok \u00e9p\u00edthetnek a koll\u00e9g\u00e1k \u00f6tleteire, \u00faj megk\u00f6zel\u00edt\u00e9sekkel kezelhetik a tartalmat, a di\u00e1kok pedig tudom\u00e1nyos munk\u00e1juk r\u00e9szek\u00e9nt hozz\u00e1j\u00e1rulhatnak az OER fejleszt\u00e9s\u00e9hez. Ez a megk\u00f6zel\u00edt\u00e9s \u00f6szt\u00f6nzi&nbsp;<strong>kritikus \u00e9s kreat\u00edv gondolkod\u00e1s<\/strong>&nbsp;az eg\u00e9sz oktat\u00e1si k\u00f6z\u00f6ss\u00e9gben, \u00e9s egyre v\u00e1ltozatosabb \u00e9s innovat\u00edvabb forr\u00e1sok megjelen\u00e9s\u00e9hez vezet.<\/p>\n\n\n\n<p>Az \u00e1gazati szervezetek tanulm\u00e1nyai \u00e9s jelent\u00e9sei azt mutatj\u00e1k, hogy&nbsp;<strong>az oktat\u00e1si forr\u00e1sokhoz val\u00f3 szabad hozz\u00e1f\u00e9r\u00e9s \u00f6szt\u00f6nzi a kreativit\u00e1st \u00e9s az innov\u00e1ci\u00f3t<\/strong>, hozz\u00e1j\u00e1rulva a mindenki sz\u00e1m\u00e1ra hozz\u00e1f\u00e9rhet\u0151 \u00e9s min\u0151s\u00e9gi oktat\u00e1shoz. \u00cdgy az OER-ek a pedag\u00f3giai gyakorlatok \u00fajragondol\u00e1s\u00e1nak kataliz\u00e1tor\u00e1v\u00e1 v\u00e1lnak, tartalmat \u00e9s az \u00e1talak\u00edt\u00e1s szabads\u00e1g\u00e1t k\u00edn\u00e1lj\u00e1k, lehet\u0151v\u00e9 t\u00e9ve a tan\u00e1rok sz\u00e1m\u00e1ra, hogy hat\u00e9kony \u00e9s motiv\u00e1l\u00f3 oktat\u00e1si \u00e9lm\u00e9nyeket teremtsenek.<\/p>\n\n\n\n<h2 class=\"wp-block-heading\">K\u00f6vetkeztet\u00e9sek<\/h2>\n\n\n\n<p>A ny\u00edlt oktat\u00e1si forr\u00e1sok gyorsan a modern oktat\u00e1s n\u00e9lk\u00fcl\u00f6zhetetlen alkot\u00f3elem\u00e9v\u00e9 v\u00e1ltak, k\u00fcl\u00f6n\u00f6sen a digit\u00e1lis pedag\u00f3gia terjed\u00e9s\u00e9vel \u00f6sszef\u00fcgg\u00e9sben. Amint az e cikkb\u0151l kider\u00fcl, az OER-ek k\u00e9zzelfoghat\u00f3 megold\u00e1st k\u00edn\u00e1lnak sz\u00e1mos mai kih\u00edv\u00e1sra: sz\u00e9les\u00edtik a tud\u00e1shoz val\u00f3 hozz\u00e1f\u00e9r\u00e9st, lehet\u0151v\u00e9 teszik a tartalmak k\u00fcl\u00f6nb\u00f6z\u0151 ig\u00e9nyekhez val\u00f3 igaz\u00edt\u00e1s\u00e1t, el\u0151seg\u00edtik az oktat\u00f3k k\u00f6z\u00f6tti egy\u00fcttm\u0171k\u00f6d\u00e9st \u00e9s a tan\u00edt\u00e1si innov\u00e1ci\u00f3t, \u00e9s hozz\u00e1j\u00e1rulnak a digit\u00e1lis kompetenci\u00e1k fejleszt\u00e9s\u00e9hez mind a tan\u00e1rok, mind a tanul\u00f3k k\u00f6r\u00e9ben. Az olyan platformok, mint az LIVRESQ, amelyek a technol\u00f3gi\u00e1t a forr\u00e1sok ny\u00edlt megoszt\u00e1s\u00e1ra ir\u00e1nyul\u00f3 k\u00f6z\u00f6ss\u00e9gi szeml\u00e9lettel \u00f6tv\u00f6zik, bizony\u00edtj\u00e1k, hogy az OER-ben rejl\u0151 lehet\u0151s\u00e9gek \u00e1talak\u00edthatj\u00e1k az oktat\u00e1si gyakorlatot.<\/p>\n\n\n\n<p>Az OER nemzeti \u00e9s nemzetk\u00f6zi oktat\u00e1si politik\u00e1kba val\u00f3 integr\u00e1l\u00e1sa - amelyet olyan szervezetek t\u00e1mogatnak, mint az UNESCO - azt mutatja, hogy az oktat\u00e1s j\u00f6v\u0151je szorosan kapcsol\u00f3dik a k\u00f6vetkez\u0151kh\u00f6z&nbsp;<strong>nyitott \u00e9s egy\u00fcttm\u0171k\u00f6d\u00e9sen alapul\u00f3 tanul\u00e1s<\/strong>. A sablonok \u00e9s form\u00e1tumok szabv\u00e1nyos\u00edt\u00e1sa biztos\u00edtja, hogy ezek a forr\u00e1sok b\u00e1rhol \u00fajrafelhaszn\u00e1lhat\u00f3k \u00e9s integr\u00e1lhat\u00f3k legyenek, ami feler\u0151s\u00edti az OER-ek pozit\u00edv hat\u00e1s\u00e1t.<\/p>\n\n\n\n<p>Ahogy egyre t\u00f6bb oktat\u00e1si szerepl\u0151 - tan\u00e1rok, int\u00e9zm\u00e9nyek, d\u00f6nt\u00e9shoz\u00f3k - fogadja el az OER koncepci\u00f3j\u00e1t, \u00fagy v\u00e1rhat\u00f3, hogy a&nbsp;<strong>egyre ink\u00e1bb \u00f6sszekapcsol\u00f3d\u00f3, igazs\u00e1gos \u00e9s dinamikus oktat\u00e1si \u00f6kosziszt\u00e9ma<\/strong>, ahol az \"alkot\u00f3\" \u00e9s a \"felhaszn\u00e1l\u00f3\" k\u00f6z\u00f6tti hat\u00e1rok elmos\u00f3dnak egy k\u00f6z\u00f6s t\u00f6rekv\u00e9s \u00e9rdek\u00e9ben: hogy minden di\u00e1knak es\u00e9lyt adjunk a digit\u00e1lis korban a relev\u00e1ns, vonz\u00f3 \u00e9s min\u0151s\u00e9gi tanul\u00e1sra.<\/p>\n\n\n\n<h2 class=\"wp-block-heading\">Kiterjedt referenci\u00e1k<\/h2>\n\n\n\n<ol class=\"wp-block-list\">\n<li>UNESCO,\u00a0<em>Aj\u00e1nl\u00e1s a ny\u00edlt oktat\u00e1si er\u0151forr\u00e1sokr\u00f3l (2019)<\/em>\u00a0-\u00a0<strong>EPALE Blog<\/strong>\u00a0(Alexandra Dorin, 2020) - Ismerteti az OER UNESCO \u00e1ltali meghat\u00e1roz\u00e1s\u00e1t, valamint az inkluz\u00edv \u00e9s min\u0151s\u00e9gi oktat\u00e1s fontoss\u00e1g\u00e1t, bele\u00e9rtve az 5R-diskurzust \u00e9s a tag\u00e1llamoknak aj\u00e1nlott strat\u00e9giai ir\u00e1nyokat.<\/li>\n\n\n\n<li><strong>LIVRESQ<\/strong>\u00a0-\u00a0<em>Ny\u00edlt oktat\u00e1si er\u0151forr\u00e1sok (OER) az LIVRESQ-ben: Hogyan alak\u00edtja \u00e1t a digitaliz\u00e1ci\u00f3 a tan\u00edt\u00e1st?<\/em>\u00a0(LIVRESQ Blog) - Bemutatja az LIVRESQ filoz\u00f3fi\u00e1j\u00e1t az OER l\u00e9trehoz\u00e1s\u00e1val \u00e9s k\u00f6zz\u00e9t\u00e9tel\u00e9vel kapcsolatban. Ismerteti a forr\u00e1sok min\u0151s\u00e9g\u00e9nek \u00e9s a tan\u00e1rok digit\u00e1lis kompetenci\u00e1inak n\u00f6vel\u00e9s\u00e9re ir\u00e1nyul\u00f3 c\u00e9lokat, a platform eszk\u00f6zeit (interakt\u00edv szerkeszt\u0151 SCORM export\u00e1l\u00e1ssal, nyilv\u00e1nos k\u00f6nyvt\u00e1r, szabv\u00e1nyos pedag\u00f3giai sablonok), valamint a min\u0151s\u00e9gi k\u00f6vetelm\u00e9nyeket \u00e9s a sz\u00fcks\u00e9ges metaadatokat.<\/li>\n\n\n\n<li><strong>TVR H\u00edrek \/ Agerpres<\/strong>\u00a0-\u00a0<em>Projekt: a \"Tanul\u00e1s Rom\u00e1ni\u00e1ban\" virtu\u00e1lis iskolai k\u00f6nyvt\u00e1r \u00e9s e-learning platform l\u00e9trehoz\u00e1sa.<\/em>\u00a0(2023. m\u00e1rcius 29.) - Bemutatja a nemzeti OER-k\u00f6nyvt\u00e1r \u00e9s a kapcsol\u00f3d\u00f3 platform l\u00e9trehoz\u00e1s\u00e1ra ir\u00e1nyul\u00f3 jogalkot\u00e1si kezdem\u00e9nyez\u00e9st. A t\u00f6rv\u00e9nyjavaslat a virtu\u00e1lis k\u00f6nyvt\u00e1rba iskolai programokat, leck\u00e9ket \u00e9s vet\u00e9lked\u0151ket foglalna bele, \u00e9s az Oktat\u00e1si Miniszt\u00e9rium felel\u0151ss\u00e9ge mellett ingyenes, \u00e1lland\u00f3 hozz\u00e1f\u00e9r\u00e9st biztos\u00edtana a di\u00e1kok \u00e9s tan\u00e1rok sz\u00e1m\u00e1ra.<\/li>\n<\/ol>\n\n\n\n<hr class=\"wp-block-separator has-alpha-channel-opacity\"\/>\n\n\n\n<p><em>Ez a tanulm\u00e1ny az LIVRESQ e-learning kiad\u00f3 sz\u00e1m\u00e1ra k\u00e9sz\u00fclt, hogy \u00e1tfog\u00f3 \u00e9s koherens elemz\u00e9st ny\u00fajtson a ny\u00edlt oktat\u00e1si forr\u00e1sok szerep\u00e9r\u0151l a modern digit\u00e1lis pedag\u00f3gi\u00e1ban.<\/em><\/p>\n\t\t\t\t\t\t\t\t<\/div>\n\t\t\t\t<\/div>\n\t\t\t\t\t<\/div>\n\t\t<\/div>\n\t\t\t\t\t<\/div>\n\t\t<\/section>\n\t\t\t\t<\/div>","protected":false},"excerpt":{"rendered":"<p>Resursele educa\u021bionale deschise \u00een contextul pedagogiei digitale moderne: rol, impact \u0219i standardizare Introducere Resursele educa\u021bionale deschise (RED), cunoscute interna\u021bional sub denumirea de OER (Open Educational Resources), reprezint\u0103 materiale de predare, \u00eenv\u0103\u021bare \u0219i cercetare, disponibile \u00een format digital sau fizic, care pot fi utilizate \u0219i refolosite liber de c\u0103tre comunitatea educa\u021bional\u0103. Conform defini\u021biei UNESCO adoptate \u00een [&hellip;]<\/p>\n","protected":false},"author":2,"featured_media":393040,"comment_status":"closed","ping_status":"0","sticky":false,"template":"","format":"standard","meta":{"footnotes":""},"categories":[1],"tags":[187,186,44,184,172,188,139,138,185,55],"class_list":["post-393039","post","type-post","status-publish","format-standard","has-post-thumbnail","hentry","category-news","tag-biblioteca-digitala","tag-educatie-digitala-2","tag-edulib","tag-oer-romania","tag-pedagogie-digitala-2","tag-platforma-creare-red","tag-red","tag-resurse-educationale-deschise","tag-sabloane-red","tag-scorm"],"yoast_head":"<!-- This site is optimized with the Yoast SEO plugin v27.2 - https:\/\/yoast.com\/product\/yoast-seo-wordpress\/ -->\n<title>Resursele educa\u021bionale deschise \u00een contextul pedagogiei digitale moderne: rol, impact \u0219i standardizare - LIVRESQ<\/title>\n<meta name=\"robots\" content=\"index, follow, max-snippet:-1, max-image-preview:large, max-video-preview:-1\" \/>\n<link rel=\"canonical\" href=\"https:\/\/livresq.com\/hu\/hirek\/nyilt-oktatasi-forrasok-a-modern-digitalis-pedagogia-kontextusaban-szerephatas-es-szabvanyositas\/\" \/>\n<meta property=\"og:locale\" content=\"hu_HU\" \/>\n<meta property=\"og:type\" content=\"article\" \/>\n<meta property=\"og:title\" content=\"Resursele educa\u021bionale deschise \u00een contextul pedagogiei digitale moderne: rol, impact \u0219i standardizare - LIVRESQ\" \/>\n<meta property=\"og:description\" content=\"Resursele educa\u021bionale deschise \u00een contextul pedagogiei digitale moderne: rol, impact \u0219i standardizare Introducere Resursele educa\u021bionale deschise (RED), cunoscute interna\u021bional sub denumirea de OER (Open Educational Resources), reprezint\u0103 materiale de predare, \u00eenv\u0103\u021bare \u0219i cercetare, disponibile \u00een format digital sau fizic, care pot fi utilizate \u0219i refolosite liber de c\u0103tre comunitatea educa\u021bional\u0103. Conform defini\u021biei UNESCO adoptate \u00een [&hellip;]\" \/>\n<meta property=\"og:url\" content=\"https:\/\/livresq.com\/hu\/hirek\/nyilt-oktatasi-forrasok-a-modern-digitalis-pedagogia-kontextusaban-szerephatas-es-szabvanyositas\/\" \/>\n<meta property=\"og:site_name\" content=\"LIVRESQ\" \/>\n<meta property=\"article:published_time\" content=\"2025-06-06T17:13:49+00:00\" \/>\n<meta property=\"article:modified_time\" content=\"2025-07-04T15:21:27+00:00\" \/>\n<meta property=\"og:image\" content=\"https:\/\/livresq.com\/wp-content\/uploads\/2025\/06\/RED_pedagogie_LIVRESQ_UNESCO.jpg\" \/>\n\t<meta property=\"og:image:width\" content=\"1875\" \/>\n\t<meta property=\"og:image:height\" content=\"1250\" \/>\n\t<meta property=\"og:image:type\" content=\"image\/jpeg\" \/>\n<meta name=\"author\" content=\"victoria\" \/>\n<meta name=\"twitter:card\" content=\"summary_large_image\" \/>\n<meta name=\"twitter:label1\" content=\"Szerz\u0151:\" \/>\n\t<meta name=\"twitter:data1\" content=\"victoria\" \/>\n\t<meta name=\"twitter:label2\" content=\"Becs\u00fclt olvas\u00e1si id\u0151\" \/>\n\t<meta name=\"twitter:data2\" content=\"14 perc\" \/>\n<script type=\"application\/ld+json\" class=\"yoast-schema-graph\">{\"@context\":\"https:\/\/schema.org\",\"@graph\":[{\"@type\":\"Article\",\"@id\":\"https:\/\/livresq.com\/news\/resursele-educationale-deschise-in-contextul-pedagogiei-digitale-moderne-rol-impact-si-standardizare\/#article\",\"isPartOf\":{\"@id\":\"https:\/\/livresq.com\/news\/resursele-educationale-deschise-in-contextul-pedagogiei-digitale-moderne-rol-impact-si-standardizare\/\"},\"author\":{\"name\":\"victoria\",\"@id\":\"https:\/\/livresq.com\/en\/#\/schema\/person\/34f3e270f74ce1f3628f20c1273e3cc6\"},\"headline\":\"Resursele educa\u021bionale deschise \u00een contextul pedagogiei digitale moderne: rol, impact \u0219i standardizare\",\"datePublished\":\"2025-06-06T17:13:49+00:00\",\"dateModified\":\"2025-07-04T15:21:27+00:00\",\"mainEntityOfPage\":{\"@id\":\"https:\/\/livresq.com\/news\/resursele-educationale-deschise-in-contextul-pedagogiei-digitale-moderne-rol-impact-si-standardizare\/\"},\"wordCount\":3486,\"publisher\":{\"@id\":\"https:\/\/livresq.com\/en\/#organization\"},\"image\":{\"@id\":\"https:\/\/livresq.com\/news\/resursele-educationale-deschise-in-contextul-pedagogiei-digitale-moderne-rol-impact-si-standardizare\/#primaryimage\"},\"thumbnailUrl\":\"https:\/\/i0.wp.com\/livresq.com\/wp-content\/uploads\/2025\/06\/RED_pedagogie_LIVRESQ_UNESCO.jpg?fit=1875%2C1250&ssl=1\",\"keywords\":[\"biblioteca digitala\",\"educatie digitala\",\"edulib\",\"OER Romania\",\"pedagogie digitala\",\"platforma creare RED\",\"RED\",\"resurse educa\u021bionale deschise\",\"sabloane RED\",\"scorm\"],\"articleSection\":[\"News\"],\"inLanguage\":\"hu\"},{\"@type\":\"WebPage\",\"@id\":\"https:\/\/livresq.com\/news\/resursele-educationale-deschise-in-contextul-pedagogiei-digitale-moderne-rol-impact-si-standardizare\/\",\"url\":\"https:\/\/livresq.com\/news\/resursele-educationale-deschise-in-contextul-pedagogiei-digitale-moderne-rol-impact-si-standardizare\/\",\"name\":\"Resursele educa\u021bionale deschise \u00een contextul pedagogiei digitale moderne: rol, impact \u0219i standardizare - LIVRESQ\",\"isPartOf\":{\"@id\":\"https:\/\/livresq.com\/en\/#website\"},\"primaryImageOfPage\":{\"@id\":\"https:\/\/livresq.com\/news\/resursele-educationale-deschise-in-contextul-pedagogiei-digitale-moderne-rol-impact-si-standardizare\/#primaryimage\"},\"image\":{\"@id\":\"https:\/\/livresq.com\/news\/resursele-educationale-deschise-in-contextul-pedagogiei-digitale-moderne-rol-impact-si-standardizare\/#primaryimage\"},\"thumbnailUrl\":\"https:\/\/i0.wp.com\/livresq.com\/wp-content\/uploads\/2025\/06\/RED_pedagogie_LIVRESQ_UNESCO.jpg?fit=1875%2C1250&ssl=1\",\"datePublished\":\"2025-06-06T17:13:49+00:00\",\"dateModified\":\"2025-07-04T15:21:27+00:00\",\"breadcrumb\":{\"@id\":\"https:\/\/livresq.com\/news\/resursele-educationale-deschise-in-contextul-pedagogiei-digitale-moderne-rol-impact-si-standardizare\/#breadcrumb\"},\"inLanguage\":\"hu\",\"potentialAction\":[{\"@type\":\"ReadAction\",\"target\":[\"https:\/\/livresq.com\/news\/resursele-educationale-deschise-in-contextul-pedagogiei-digitale-moderne-rol-impact-si-standardizare\/\"]}]},{\"@type\":\"ImageObject\",\"inLanguage\":\"hu\",\"@id\":\"https:\/\/livresq.com\/news\/resursele-educationale-deschise-in-contextul-pedagogiei-digitale-moderne-rol-impact-si-standardizare\/#primaryimage\",\"url\":\"https:\/\/i0.wp.com\/livresq.com\/wp-content\/uploads\/2025\/06\/RED_pedagogie_LIVRESQ_UNESCO.jpg?fit=1875%2C1250&ssl=1\",\"contentUrl\":\"https:\/\/i0.wp.com\/livresq.com\/wp-content\/uploads\/2025\/06\/RED_pedagogie_LIVRESQ_UNESCO.jpg?fit=1875%2C1250&ssl=1\",\"width\":1875,\"height\":1250,\"caption\":\"Folosirea eficient\u0103 a resurselor educa\u021bionale deschise\"},{\"@type\":\"BreadcrumbList\",\"@id\":\"https:\/\/livresq.com\/news\/resursele-educationale-deschise-in-contextul-pedagogiei-digitale-moderne-rol-impact-si-standardizare\/#breadcrumb\",\"itemListElement\":[{\"@type\":\"ListItem\",\"position\":1,\"name\":\"Prima pagin\u0103\",\"item\":\"https:\/\/livresq.com\/\"},{\"@type\":\"ListItem\",\"position\":2,\"name\":\"Resursele educa\u021bionale deschise \u00een contextul pedagogiei digitale moderne: rol, impact \u0219i standardizare\"}]},{\"@type\":\"WebSite\",\"@id\":\"https:\/\/livresq.com\/en\/#website\",\"url\":\"https:\/\/livresq.com\/en\/\",\"name\":\"LIVRESQ\",\"description\":\"eLearning Authoring Tool\",\"publisher\":{\"@id\":\"https:\/\/livresq.com\/en\/#organization\"},\"potentialAction\":[{\"@type\":\"SearchAction\",\"target\":{\"@type\":\"EntryPoint\",\"urlTemplate\":\"https:\/\/livresq.com\/en\/?s={search_term_string}\"},\"query-input\":{\"@type\":\"PropertyValueSpecification\",\"valueRequired\":true,\"valueName\":\"search_term_string\"}}],\"inLanguage\":\"hu\"},{\"@type\":\"Organization\",\"@id\":\"https:\/\/livresq.com\/en\/#organization\",\"name\":\"LIVRESQ - Authoring Tool\",\"url\":\"https:\/\/livresq.com\/en\/\",\"logo\":{\"@type\":\"ImageObject\",\"inLanguage\":\"hu\",\"@id\":\"https:\/\/livresq.com\/en\/#\/schema\/logo\/image\/\",\"url\":\"https:\/\/i0.wp.com\/livresq.com\/wp-content\/uploads\/2019\/07\/cropped-Logo.png?fit=1054%2C575&ssl=1\",\"contentUrl\":\"https:\/\/i0.wp.com\/livresq.com\/wp-content\/uploads\/2019\/07\/cropped-Logo.png?fit=1054%2C575&ssl=1\",\"width\":1054,\"height\":575,\"caption\":\"LIVRESQ - Authoring Tool\"},\"image\":{\"@id\":\"https:\/\/livresq.com\/en\/#\/schema\/logo\/image\/\"}},{\"@type\":\"Person\",\"@id\":\"https:\/\/livresq.com\/en\/#\/schema\/person\/34f3e270f74ce1f3628f20c1273e3cc6\",\"name\":\"victoria\",\"image\":{\"@type\":\"ImageObject\",\"inLanguage\":\"hu\",\"@id\":\"https:\/\/secure.gravatar.com\/avatar\/3fd1a698d101c872b6cac55bda151cf5eb7b64254e07c8792ce8dffbe9003763?s=96&d=mm&r=g\",\"url\":\"https:\/\/secure.gravatar.com\/avatar\/3fd1a698d101c872b6cac55bda151cf5eb7b64254e07c8792ce8dffbe9003763?s=96&d=mm&r=g\",\"contentUrl\":\"https:\/\/secure.gravatar.com\/avatar\/3fd1a698d101c872b6cac55bda151cf5eb7b64254e07c8792ce8dffbe9003763?s=96&d=mm&r=g\",\"caption\":\"victoria\"},\"url\":\"https:\/\/livresq.com\/hu\/author\/victoria\/\"}]}<\/script>\n<!-- \/ Yoast SEO plugin. -->","yoast_head_json":{"title":"Ny\u00edlt oktat\u00e1si forr\u00e1sok a modern digit\u00e1lis pedag\u00f3gia kontextus\u00e1ban: szerep, hat\u00e1s \u00e9s szabv\u00e1nyos\u00edt\u00e1s - LIVRESQ","robots":{"index":"index","follow":"follow","max-snippet":"max-snippet:-1","max-image-preview":"max-image-preview:large","max-video-preview":"max-video-preview:-1"},"canonical":"https:\/\/livresq.com\/hu\/hirek\/nyilt-oktatasi-forrasok-a-modern-digitalis-pedagogia-kontextusaban-szerephatas-es-szabvanyositas\/","og_locale":"hu_HU","og_type":"article","og_title":"Resursele educa\u021bionale deschise \u00een contextul pedagogiei digitale moderne: rol, impact \u0219i standardizare - LIVRESQ","og_description":"Resursele educa\u021bionale deschise \u00een contextul pedagogiei digitale moderne: rol, impact \u0219i standardizare Introducere Resursele educa\u021bionale deschise (RED), cunoscute interna\u021bional sub denumirea de OER (Open Educational Resources), reprezint\u0103 materiale de predare, \u00eenv\u0103\u021bare \u0219i cercetare, disponibile \u00een format digital sau fizic, care pot fi utilizate \u0219i refolosite liber de c\u0103tre comunitatea educa\u021bional\u0103. Conform defini\u021biei UNESCO adoptate \u00een [&hellip;]","og_url":"https:\/\/livresq.com\/hu\/hirek\/nyilt-oktatasi-forrasok-a-modern-digitalis-pedagogia-kontextusaban-szerephatas-es-szabvanyositas\/","og_site_name":"LIVRESQ","article_published_time":"2025-06-06T17:13:49+00:00","article_modified_time":"2025-07-04T15:21:27+00:00","og_image":[{"width":1875,"height":1250,"url":"https:\/\/livresq.com\/wp-content\/uploads\/2025\/06\/RED_pedagogie_LIVRESQ_UNESCO.jpg","type":"image\/jpeg"}],"author":"victoria","twitter_card":"summary_large_image","twitter_misc":{"Szerz\u0151:":"victoria","Becs\u00fclt olvas\u00e1si id\u0151":"14 perc"},"schema":{"@context":"https:\/\/schema.org","@graph":[{"@type":"Article","@id":"https:\/\/livresq.com\/news\/resursele-educationale-deschise-in-contextul-pedagogiei-digitale-moderne-rol-impact-si-standardizare\/#article","isPartOf":{"@id":"https:\/\/livresq.com\/news\/resursele-educationale-deschise-in-contextul-pedagogiei-digitale-moderne-rol-impact-si-standardizare\/"},"author":{"name":"victoria","@id":"https:\/\/livresq.com\/en\/#\/schema\/person\/34f3e270f74ce1f3628f20c1273e3cc6"},"headline":"Resursele educa\u021bionale deschise \u00een contextul pedagogiei digitale moderne: rol, impact \u0219i standardizare","datePublished":"2025-06-06T17:13:49+00:00","dateModified":"2025-07-04T15:21:27+00:00","mainEntityOfPage":{"@id":"https:\/\/livresq.com\/news\/resursele-educationale-deschise-in-contextul-pedagogiei-digitale-moderne-rol-impact-si-standardizare\/"},"wordCount":3486,"publisher":{"@id":"https:\/\/livresq.com\/en\/#organization"},"image":{"@id":"https:\/\/livresq.com\/news\/resursele-educationale-deschise-in-contextul-pedagogiei-digitale-moderne-rol-impact-si-standardizare\/#primaryimage"},"thumbnailUrl":"https:\/\/i0.wp.com\/livresq.com\/wp-content\/uploads\/2025\/06\/RED_pedagogie_LIVRESQ_UNESCO.jpg?fit=1875%2C1250&ssl=1","keywords":["biblioteca digitala","educatie digitala","edulib","OER Romania","pedagogie digitala","platforma creare RED","RED","resurse educa\u021bionale deschise","sabloane RED","scorm"],"articleSection":["News"],"inLanguage":"hu"},{"@type":"WebPage","@id":"https:\/\/livresq.com\/news\/resursele-educationale-deschise-in-contextul-pedagogiei-digitale-moderne-rol-impact-si-standardizare\/","url":"https:\/\/livresq.com\/news\/resursele-educationale-deschise-in-contextul-pedagogiei-digitale-moderne-rol-impact-si-standardizare\/","name":"Ny\u00edlt oktat\u00e1si forr\u00e1sok a modern digit\u00e1lis pedag\u00f3gia kontextus\u00e1ban: szerep, hat\u00e1s \u00e9s szabv\u00e1nyos\u00edt\u00e1s - LIVRESQ","isPartOf":{"@id":"https:\/\/livresq.com\/en\/#website"},"primaryImageOfPage":{"@id":"https:\/\/livresq.com\/news\/resursele-educationale-deschise-in-contextul-pedagogiei-digitale-moderne-rol-impact-si-standardizare\/#primaryimage"},"image":{"@id":"https:\/\/livresq.com\/news\/resursele-educationale-deschise-in-contextul-pedagogiei-digitale-moderne-rol-impact-si-standardizare\/#primaryimage"},"thumbnailUrl":"https:\/\/i0.wp.com\/livresq.com\/wp-content\/uploads\/2025\/06\/RED_pedagogie_LIVRESQ_UNESCO.jpg?fit=1875%2C1250&ssl=1","datePublished":"2025-06-06T17:13:49+00:00","dateModified":"2025-07-04T15:21:27+00:00","breadcrumb":{"@id":"https:\/\/livresq.com\/news\/resursele-educationale-deschise-in-contextul-pedagogiei-digitale-moderne-rol-impact-si-standardizare\/#breadcrumb"},"inLanguage":"hu","potentialAction":[{"@type":"ReadAction","target":["https:\/\/livresq.com\/news\/resursele-educationale-deschise-in-contextul-pedagogiei-digitale-moderne-rol-impact-si-standardizare\/"]}]},{"@type":"ImageObject","inLanguage":"hu","@id":"https:\/\/livresq.com\/news\/resursele-educationale-deschise-in-contextul-pedagogiei-digitale-moderne-rol-impact-si-standardizare\/#primaryimage","url":"https:\/\/i0.wp.com\/livresq.com\/wp-content\/uploads\/2025\/06\/RED_pedagogie_LIVRESQ_UNESCO.jpg?fit=1875%2C1250&ssl=1","contentUrl":"https:\/\/i0.wp.com\/livresq.com\/wp-content\/uploads\/2025\/06\/RED_pedagogie_LIVRESQ_UNESCO.jpg?fit=1875%2C1250&ssl=1","width":1875,"height":1250,"caption":"Folosirea eficient\u0103 a resurselor educa\u021bionale deschise"},{"@type":"BreadcrumbList","@id":"https:\/\/livresq.com\/news\/resursele-educationale-deschise-in-contextul-pedagogiei-digitale-moderne-rol-impact-si-standardizare\/#breadcrumb","itemListElement":[{"@type":"ListItem","position":1,"name":"Prima pagin\u0103","item":"https:\/\/livresq.com\/"},{"@type":"ListItem","position":2,"name":"Resursele educa\u021bionale deschise \u00een contextul pedagogiei digitale moderne: rol, impact \u0219i standardizare"}]},{"@type":"WebSite","@id":"https:\/\/livresq.com\/en\/#website","url":"https:\/\/livresq.com\/en\/","name":"LIVRESQ","description":"eLearning szerz\u0151i eszk\u00f6z","publisher":{"@id":"https:\/\/livresq.com\/en\/#organization"},"potentialAction":[{"@type":"SearchAction","target":{"@type":"EntryPoint","urlTemplate":"https:\/\/livresq.com\/en\/?s={search_term_string}"},"query-input":{"@type":"PropertyValueSpecification","valueRequired":true,"valueName":"search_term_string"}}],"inLanguage":"hu"},{"@type":"Organization","@id":"https:\/\/livresq.com\/en\/#organization","name":"LIVRESQ - Szerz\u0151i eszk\u00f6z","url":"https:\/\/livresq.com\/en\/","logo":{"@type":"ImageObject","inLanguage":"hu","@id":"https:\/\/livresq.com\/en\/#\/schema\/logo\/image\/","url":"https:\/\/i0.wp.com\/livresq.com\/wp-content\/uploads\/2019\/07\/cropped-Logo.png?fit=1054%2C575&ssl=1","contentUrl":"https:\/\/i0.wp.com\/livresq.com\/wp-content\/uploads\/2019\/07\/cropped-Logo.png?fit=1054%2C575&ssl=1","width":1054,"height":575,"caption":"LIVRESQ - Authoring Tool"},"image":{"@id":"https:\/\/livresq.com\/en\/#\/schema\/logo\/image\/"}},{"@type":"Person","@id":"https:\/\/livresq.com\/en\/#\/schema\/person\/34f3e270f74ce1f3628f20c1273e3cc6","name":"Victoria","image":{"@type":"ImageObject","inLanguage":"hu","@id":"https:\/\/secure.gravatar.com\/avatar\/3fd1a698d101c872b6cac55bda151cf5eb7b64254e07c8792ce8dffbe9003763?s=96&d=mm&r=g","url":"https:\/\/secure.gravatar.com\/avatar\/3fd1a698d101c872b6cac55bda151cf5eb7b64254e07c8792ce8dffbe9003763?s=96&d=mm&r=g","contentUrl":"https:\/\/secure.gravatar.com\/avatar\/3fd1a698d101c872b6cac55bda151cf5eb7b64254e07c8792ce8dffbe9003763?s=96&d=mm&r=g","caption":"victoria"},"url":"https:\/\/livresq.com\/hu\/author\/victoria\/"}]}},"_links":{"self":[{"href":"https:\/\/livresq.com\/hu\/wp-json\/wp\/v2\/posts\/393039","targetHints":{"allow":["GET"]}}],"collection":[{"href":"https:\/\/livresq.com\/hu\/wp-json\/wp\/v2\/posts"}],"about":[{"href":"https:\/\/livresq.com\/hu\/wp-json\/wp\/v2\/types\/post"}],"author":[{"embeddable":true,"href":"https:\/\/livresq.com\/hu\/wp-json\/wp\/v2\/users\/2"}],"replies":[{"embeddable":true,"href":"https:\/\/livresq.com\/hu\/wp-json\/wp\/v2\/comments?post=393039"}],"version-history":[{"count":7,"href":"https:\/\/livresq.com\/hu\/wp-json\/wp\/v2\/posts\/393039\/revisions"}],"predecessor-version":[{"id":404467,"href":"https:\/\/livresq.com\/hu\/wp-json\/wp\/v2\/posts\/393039\/revisions\/404467"}],"wp:featuredmedia":[{"embeddable":true,"href":"https:\/\/livresq.com\/hu\/wp-json\/wp\/v2\/media\/393040"}],"wp:attachment":[{"href":"https:\/\/livresq.com\/hu\/wp-json\/wp\/v2\/media?parent=393039"}],"wp:term":[{"taxonomy":"category","embeddable":true,"href":"https:\/\/livresq.com\/hu\/wp-json\/wp\/v2\/categories?post=393039"},{"taxonomy":"post_tag","embeddable":true,"href":"https:\/\/livresq.com\/hu\/wp-json\/wp\/v2\/tags?post=393039"}],"curies":[{"name":"wp","href":"https:\/\/api.w.org\/{rel}","templated":true}]}}